{"id":4725,"date":"2019-08-04T20:30:43","date_gmt":"2019-08-04T18:30:43","guid":{"rendered":"http:\/\/oriolfontdevila.net\/zona-intrusa-3\/"},"modified":"2019-08-04T21:47:44","modified_gmt":"2019-08-04T19:47:44","slug":"zona-intrusa-3","status":"publish","type":"post","link":"https:\/\/oriolfontdevila.net\/es\/zona-intrusa-3\/","title":{"rendered":"Zona Intrusa 3"},"content":{"rendered":"\n\n\n\t<div class=\"dkpdf-button-container\" style=\" text-align:right \">\n\n\t\t<a class=\"dkpdf-button\" href=\"\/es\/wp-json\/wp\/v2\/posts\/4725\/?pdf=4725\" target=\"_blank\"><span class=\"dkpdf-button-icon\"><i class=\"fa fa-file-pdf-o\"><\/i><\/span> Download PDF<\/a>\n\n\t<\/div>\n\n\n\n\n\n<p>Amb Zona Intrusa3 es va plantejar redescobrir els entorns dels instituts a trav\u00e9s de la consideraci\u00f3 de les pr\u00e0ctiques culturals i art\u00edstiques que hi tenen lloc. Ben sovint aquestes romanen naturalitzades en el desenvolupament de la vida urbana i passen desapercebudes en el quefer quotidi\u00e0. Per aquesta ra\u00f3 es va proposar als grups de classe dels instituts d&#8217;educaci\u00f3 secund\u00e0ria de Matar\u00f3 fixar-se en aspectes controvertits que es donen en relaci\u00f3 amb la cultura i el territori, els quals poden servir per posar de manifest i facilitar l&#8217;an\u00e0lisi dels mecanismes de producci\u00f3, distribuci\u00f3 i consum de les pr\u00e0ctiques culturals.<\/p>\n<p>De les tres sessions que es va proposar desenvolupar amb cada grup de classe, a la primera es visionava un seguit de v\u00eddeos que permetien considerar alguns aspectes problem\u00e0tics i relacionats amb la pr\u00e0ctica art\u00edstica, el patrimoni o les institucions culturals: la retirad de l&#8217;\u00faltima est\u00e0tua eq\u00fcestre de Franco, una exposici\u00f3 de grafitis a l&#8217;interior d&#8217;un museu, la construcci\u00f3 d&#8217;una rulot per dotar un centre d&#8217;art de mobilitat; entre d&#8217;altres instant\u00e0nies que mostraven la relaci\u00f3 entre cultura i territori de manera controversial i que facilitaven generar debat al seu entorn i en un sentit ampli.<\/p>\n<p>Acte seguit es proposava als estudiants desenvolupar una deriva per l&#8217;entorn territorial dels instituts, amb l&#8217;objectiu de localitzar formacions culturals de diferent tipus. Aquestes es documentaven en un diari de ruta, amb les anotacions i les reflexions que es produ\u00efen sobre el terreny, aix\u00ed com amb fotografies i en alguns casos tamb\u00e9 entrevistes a usuaris o coneixedors dels diferents casos d&#8217;estudi seleccionats. De tornada a l&#8217;aula, els alumnes representaven l&#8217;entorn pr\u00e8viament observat fent un mapa sobre el qual \u2013amb la documentaci\u00f3 i les reflexions que s&#8217;havien generat\u2013 es procurava respondre tres preguntes: qu\u00e8, qui i per a qu\u00e8; \u00e9s a dir: en qu\u00e8 consisteixen les formacions culturals que hem observat? Qui les produeix, a qui van destinades, qui les fa servir; i per \u00faltim quin \u00e9s l&#8217;\u00fas i el funcionament d&#8217;aquests elements i per qu\u00e8 tenen lloc a l&#8217;espai p\u00fablic.<\/p>\n<p>Les itiner\u00e0ncies de Zona Intrusa 3 a cada institut de la ciutat han acabat amb sessions de portes obertes els divendres a la tarda. Amb aquestes es teeia la rulot que Can Xalant ha cedit pel deesenvolupament del projecte a l&#8217;exterior dels instituts, amb el prop\u00f2sit d&#8217;aportar visibilitat a l&#8217;exposici\u00f3 del material documental que es desplegava a peu de carrer. En aquest \u00e0mbit es volia que els mapes i la documentaci\u00f3 que s&#8217;havia generat amb els estudiants serv\u00eds per generar un punt de trobada i debat a l&#8217;entorn de q\u00fcestions relatives als diferents barris. Aix\u00ed mateix, aquestes q\u00fcestions han comptat amb <strong>Pau Faus<\/strong>, arquitecte i impulsor del col\u00b7lectiu<strong> A77<\/strong>; de <strong>Jes\u00fas Nieto<\/strong>, historiador de l&#8217;art, urbanista i president de la Federaci\u00f3 d&#8217;Associacions de Ve\u00efns de Matar\u00f3; de <strong>Del\u00edcia Bruset<\/strong> i <strong>Pep Dardany\u00e0<\/strong>, membres de l&#8217;equip directiu de <strong>Can Xalant<\/strong>.<\/p>\n<p>La itiner\u00e0ncia de la rulot i les activitats per cada un dels instituts va tenir lloc al llarg d&#8217;una setmana, un lapse de temps prou esc\u00e0s per al desenvolupament de les din\u00e0miqeus proposades. D&#8217;aquesta manera en tots els casos es va convidar els grups de classe i el professorat a prosseguir el treball a l&#8217;entorn de la cultura i el territori, ampliant el treball amb noves reflexions i amb l&#8217;assessorament de l&#8217;equip impulsor del projecte. En el marc de l&#8217;exposici\u00f3 a l&#8217;Espai f es varen mostrar alguns d&#8217;aquests treballs d&#8217;extensi\u00f3 i tamb\u00e9 d&#8217;intervenci\u00f3 a l&#8217;espai p\u00fablic que varen generar estudiants i professors de l&#8217;<strong>IES Miquel Biada<\/strong>, l&#8217;<strong>IES Pla d&#8217;en Boet<\/strong>, l&#8217;<strong>IES Santa Anna i l&#8217;IES Satorras<\/strong>.<\/p>\n<p>Amb l&#8217; exposici\u00f3 a l&#8217;Espai f es varen convocar de nou els grups de classe que han participat en el projecte. En aquesta ocasi\u00f3 l&#8217;exposici\u00f3 inclou un espai de treball per a la producci\u00f3 col\u00b7letiva d&#8217;una publicaci\u00f3 amb qu\u00e8 es vol sintetitzar les reflexions que s&#8217;han generat a l&#8217;entorn de l&#8217;art, la cultura i el territori, aix\u00ed com permetre&#8217;n la distribuci\u00f3 massiva per tots els barris de la ciutat. La distribuci\u00f3 pels barris es dur\u00e0 a terme, una vegada m\u00e9s, per mitj\u00e0 de la xarxa d&#8217;instituts de secund\u00e0ria de la ciutat.<\/p>\n","protected":false},"excerpt":{"rendered":"<p>Download PDF Amb Zona Intrusa3 es va plantejar redescobrir els entorns dels instituts a trav\u00e9s de la consideraci\u00f3 de les pr\u00e0ctiques culturals i art\u00edstiques que hi tenen lloc. Ben sovint aquestes romanen naturalitzades en el desenvolupament de la vida urbana i passen desapercebudes en el quefer quotidi\u00e0. Per aquesta ra\u00f3 es va proposar als grups [&hellip;]<\/p>\n","protected":false},"author":1,"featured_media":4710,"comment_status":"closed","ping_status":"closed","sticky":false,"template":"","format":"standard","meta":{"footnotes":""},"categories":[70,72],"tags":[],"class_list":["post-4725","post","type-post","status-publish","format-standard","has-post-thumbnail","hentry","category-comisario","category-educacion","any-2009-es","clients-institut-municipal-daccio-cultural-mataro"],"yoast_head":"<!-- This site is optimized with the Yoast SEO plugin v24.1 - https:\/\/yoast.com\/wordpress\/plugins\/seo\/ -->\n<title>Zona Intrusa 3 - Oriol Fontdevila<\/title>\n<meta name=\"robots\" content=\"index, follow, max-snippet:-1, max-image-preview:large, max-video-preview:-1\" \/>\n<link rel=\"canonical\" href=\"https:\/\/oriolfontdevila.net\/es\/zona-intrusa-3\/\" \/>\n<meta property=\"og:locale\" content=\"es_ES\" \/>\n<meta property=\"og:type\" content=\"article\" \/>\n<meta property=\"og:title\" content=\"Zona Intrusa 3 - Oriol Fontdevila\" \/>\n<meta property=\"og:description\" content=\"Download PDF Amb Zona Intrusa3 es va plantejar redescobrir els entorns dels instituts a trav\u00e9s de la consideraci\u00f3 de les pr\u00e0ctiques culturals i art\u00edstiques que hi tenen lloc. Ben sovint aquestes romanen naturalitzades en el desenvolupament de la vida urbana i passen desapercebudes en el quefer quotidi\u00e0. Per aquesta ra\u00f3 es va proposar als grups [&hellip;]\" \/>\n<meta property=\"og:url\" content=\"https:\/\/oriolfontdevila.net\/es\/zona-intrusa-3\/\" \/>\n<meta property=\"og:site_name\" content=\"Oriol Fontdevila\" \/>\n<meta property=\"article:published_time\" content=\"2019-08-04T18:30:43+00:00\" \/>\n<meta property=\"article:modified_time\" content=\"2019-08-04T19:47:44+00:00\" \/>\n<meta property=\"og:image\" content=\"https:\/\/oriolfontdevila.net\/wp-content\/uploads\/2019\/08\/Screen-Shot-2019-08-04-at-20.32.36.png\" \/>\n\t<meta property=\"og:image:width\" content=\"725\" \/>\n\t<meta property=\"og:image:height\" content=\"383\" \/>\n\t<meta property=\"og:image:type\" content=\"image\/png\" \/>\n<meta name=\"author\" content=\"vilade883\" \/>\n<meta name=\"twitter:card\" content=\"summary_large_image\" \/>\n<meta name=\"twitter:creator\" content=\"@orifondevi\" \/>\n<meta name=\"twitter:site\" content=\"@orifondevi\" \/>\n<meta name=\"twitter:label1\" content=\"Escrito por\" \/>\n\t<meta name=\"twitter:data1\" content=\"vilade883\" \/>\n\t<meta name=\"twitter:label2\" content=\"Tiempo de lectura\" \/>\n\t<meta name=\"twitter:data2\" content=\"4 minutos\" \/>\n<script type=\"application\/ld+json\" class=\"yoast-schema-graph\">{\"@context\":\"https:\/\/schema.org\",\"@graph\":[{\"@type\":\"WebPage\",\"@id\":\"https:\/\/oriolfontdevila.net\/es\/zona-intrusa-3\/\",\"url\":\"https:\/\/oriolfontdevila.net\/es\/zona-intrusa-3\/\",\"name\":\"Zona Intrusa 3 - Oriol Fontdevila\",\"isPartOf\":{\"@id\":\"https:\/\/oriolfontdevila.net\/es\/#website\"},\"primaryImageOfPage\":{\"@id\":\"https:\/\/oriolfontdevila.net\/es\/zona-intrusa-3\/#primaryimage\"},\"image\":{\"@id\":\"https:\/\/oriolfontdevila.net\/es\/zona-intrusa-3\/#primaryimage\"},\"thumbnailUrl\":\"https:\/\/oriolfontdevila.net\/wp-content\/uploads\/2019\/08\/Screen-Shot-2019-08-04-at-20.32.36.png\",\"datePublished\":\"2019-08-04T18:30:43+00:00\",\"dateModified\":\"2019-08-04T19:47:44+00:00\",\"author\":{\"@id\":\"https:\/\/oriolfontdevila.net\/es\/#\/schema\/person\/1514b867dff942cdb36b0e4f941c835d\"},\"breadcrumb\":{\"@id\":\"https:\/\/oriolfontdevila.net\/es\/zona-intrusa-3\/#breadcrumb\"},\"inLanguage\":\"es\",\"potentialAction\":[{\"@type\":\"ReadAction\",\"target\":[\"https:\/\/oriolfontdevila.net\/es\/zona-intrusa-3\/\"]}]},{\"@type\":\"ImageObject\",\"inLanguage\":\"es\",\"@id\":\"https:\/\/oriolfontdevila.net\/es\/zona-intrusa-3\/#primaryimage\",\"url\":\"https:\/\/oriolfontdevila.net\/wp-content\/uploads\/2019\/08\/Screen-Shot-2019-08-04-at-20.32.36.png\",\"contentUrl\":\"https:\/\/oriolfontdevila.net\/wp-content\/uploads\/2019\/08\/Screen-Shot-2019-08-04-at-20.32.36.png\",\"width\":725,\"height\":383},{\"@type\":\"BreadcrumbList\",\"@id\":\"https:\/\/oriolfontdevila.net\/es\/zona-intrusa-3\/#breadcrumb\",\"itemListElement\":[{\"@type\":\"ListItem\",\"position\":1,\"name\":\"Inici\",\"item\":\"https:\/\/oriolfontdevila.net\/es\/\"},{\"@type\":\"ListItem\",\"position\":2,\"name\":\"Zona Intrusa 3\"}]},{\"@type\":\"WebSite\",\"@id\":\"https:\/\/oriolfontdevila.net\/es\/#website\",\"url\":\"https:\/\/oriolfontdevila.net\/es\/\",\"name\":\"Oriol Fontdevila\",\"description\":\"\",\"inLanguage\":\"es\"},{\"@type\":\"Person\",\"@id\":\"https:\/\/oriolfontdevila.net\/es\/#\/schema\/person\/1514b867dff942cdb36b0e4f941c835d\",\"name\":\"vilade883\",\"image\":{\"@type\":\"ImageObject\",\"inLanguage\":\"es\",\"@id\":\"https:\/\/oriolfontdevila.net\/es\/#\/schema\/person\/image\/\",\"url\":\"https:\/\/secure.gravatar.com\/avatar\/f6e25e9b43ee6b42654275848462c329?s=96&d=mm&r=g\",\"contentUrl\":\"https:\/\/secure.gravatar.com\/avatar\/f6e25e9b43ee6b42654275848462c329?s=96&d=mm&r=g\",\"caption\":\"vilade883\"}}]}<\/script>\n<!-- \/ Yoast SEO plugin. -->","yoast_head_json":{"title":"Zona Intrusa 3 - Oriol Fontdevila","robots":{"index":"index","follow":"follow","max-snippet":"max-snippet:-1","max-image-preview":"max-image-preview:large","max-video-preview":"max-video-preview:-1"},"canonical":"https:\/\/oriolfontdevila.net\/es\/zona-intrusa-3\/","og_locale":"es_ES","og_type":"article","og_title":"Zona Intrusa 3 - Oriol Fontdevila","og_description":"Download PDF Amb Zona Intrusa3 es va plantejar redescobrir els entorns dels instituts a trav\u00e9s de la consideraci\u00f3 de les pr\u00e0ctiques culturals i art\u00edstiques que hi tenen lloc. Ben sovint aquestes romanen naturalitzades en el desenvolupament de la vida urbana i passen desapercebudes en el quefer quotidi\u00e0. Per aquesta ra\u00f3 es va proposar als grups [&hellip;]","og_url":"https:\/\/oriolfontdevila.net\/es\/zona-intrusa-3\/","og_site_name":"Oriol Fontdevila","article_published_time":"2019-08-04T18:30:43+00:00","article_modified_time":"2019-08-04T19:47:44+00:00","og_image":[{"width":725,"height":383,"url":"https:\/\/oriolfontdevila.net\/wp-content\/uploads\/2019\/08\/Screen-Shot-2019-08-04-at-20.32.36.png","type":"image\/png"}],"author":"vilade883","twitter_card":"summary_large_image","twitter_creator":"@orifondevi","twitter_site":"@orifondevi","twitter_misc":{"Escrito por":"vilade883","Tiempo de lectura":"4 minutos"},"schema":{"@context":"https:\/\/schema.org","@graph":[{"@type":"WebPage","@id":"https:\/\/oriolfontdevila.net\/es\/zona-intrusa-3\/","url":"https:\/\/oriolfontdevila.net\/es\/zona-intrusa-3\/","name":"Zona Intrusa 3 - Oriol Fontdevila","isPartOf":{"@id":"https:\/\/oriolfontdevila.net\/es\/#website"},"primaryImageOfPage":{"@id":"https:\/\/oriolfontdevila.net\/es\/zona-intrusa-3\/#primaryimage"},"image":{"@id":"https:\/\/oriolfontdevila.net\/es\/zona-intrusa-3\/#primaryimage"},"thumbnailUrl":"https:\/\/oriolfontdevila.net\/wp-content\/uploads\/2019\/08\/Screen-Shot-2019-08-04-at-20.32.36.png","datePublished":"2019-08-04T18:30:43+00:00","dateModified":"2019-08-04T19:47:44+00:00","author":{"@id":"https:\/\/oriolfontdevila.net\/es\/#\/schema\/person\/1514b867dff942cdb36b0e4f941c835d"},"breadcrumb":{"@id":"https:\/\/oriolfontdevila.net\/es\/zona-intrusa-3\/#breadcrumb"},"inLanguage":"es","potentialAction":[{"@type":"ReadAction","target":["https:\/\/oriolfontdevila.net\/es\/zona-intrusa-3\/"]}]},{"@type":"ImageObject","inLanguage":"es","@id":"https:\/\/oriolfontdevila.net\/es\/zona-intrusa-3\/#primaryimage","url":"https:\/\/oriolfontdevila.net\/wp-content\/uploads\/2019\/08\/Screen-Shot-2019-08-04-at-20.32.36.png","contentUrl":"https:\/\/oriolfontdevila.net\/wp-content\/uploads\/2019\/08\/Screen-Shot-2019-08-04-at-20.32.36.png","width":725,"height":383},{"@type":"BreadcrumbList","@id":"https:\/\/oriolfontdevila.net\/es\/zona-intrusa-3\/#breadcrumb","itemListElement":[{"@type":"ListItem","position":1,"name":"Inici","item":"https:\/\/oriolfontdevila.net\/es\/"},{"@type":"ListItem","position":2,"name":"Zona Intrusa 3"}]},{"@type":"WebSite","@id":"https:\/\/oriolfontdevila.net\/es\/#website","url":"https:\/\/oriolfontdevila.net\/es\/","name":"Oriol Fontdevila","description":"","inLanguage":"es"},{"@type":"Person","@id":"https:\/\/oriolfontdevila.net\/es\/#\/schema\/person\/1514b867dff942cdb36b0e4f941c835d","name":"vilade883","image":{"@type":"ImageObject","inLanguage":"es","@id":"https:\/\/oriolfontdevila.net\/es\/#\/schema\/person\/image\/","url":"https:\/\/secure.gravatar.com\/avatar\/f6e25e9b43ee6b42654275848462c329?s=96&d=mm&r=g","contentUrl":"https:\/\/secure.gravatar.com\/avatar\/f6e25e9b43ee6b42654275848462c329?s=96&d=mm&r=g","caption":"vilade883"}}]}},"_links":{"self":[{"href":"https:\/\/oriolfontdevila.net\/es\/wp-json\/wp\/v2\/posts\/4725\/"}],"collection":[{"href":"https:\/\/oriolfontdevila.net\/es\/wp-json\/wp\/v2\/posts\/"}],"about":[{"href":"https:\/\/oriolfontdevila.net\/es\/wp-json\/wp\/v2\/types\/post\/"}],"author":[{"embeddable":true,"href":"https:\/\/oriolfontdevila.net\/es\/wp-json\/wp\/v2\/users\/1\/"}],"replies":[{"embeddable":true,"href":"https:\/\/oriolfontdevila.net\/es\/wp-json\/wp\/v2\/comments\/?post=4725"}],"version-history":[{"count":1,"href":"https:\/\/oriolfontdevila.net\/es\/wp-json\/wp\/v2\/posts\/4725\/revisions\/"}],"predecessor-version":[{"id":4737,"href":"https:\/\/oriolfontdevila.net\/es\/wp-json\/wp\/v2\/posts\/4725\/revisions\/4737\/"}],"wp:featuredmedia":[{"embeddable":true,"href":"https:\/\/oriolfontdevila.net\/es\/wp-json\/wp\/v2\/media\/4710\/"}],"wp:attachment":[{"href":"https:\/\/oriolfontdevila.net\/es\/wp-json\/wp\/v2\/media\/?parent=4725"}],"wp:term":[{"taxonomy":"category","embeddable":true,"href":"https:\/\/oriolfontdevila.net\/es\/wp-json\/wp\/v2\/categories\/?post=4725"},{"taxonomy":"post_tag","embeddable":true,"href":"https:\/\/oriolfontdevila.net\/es\/wp-json\/wp\/v2\/tags\/?post=4725"}],"curies":[{"name":"wp","href":"https:\/\/api.w.org\/{rel}","templated":true}]}}